{"id":1376,"date":"2019-06-19T14:59:48","date_gmt":"2019-06-19T12:59:48","guid":{"rendered":"https:\/\/www.privaciz.com\/?p=1376"},"modified":"2019-07-16T14:58:49","modified_gmt":"2019-07-16T12:58:49","slug":"livre-blanc-rgpd-privacy-by-design-mise-en-pratique-et-valeur-ajoutee","status":"publish","type":"post","link":"https:\/\/www.privaciz.com\/en\/2019\/06\/19\/livre-blanc-rgpd-privacy-by-design-mise-en-pratique-et-valeur-ajoutee\/","title":{"rendered":"Livre blanc : RGPD &#8211; Privacy by Design : Mise en pratique et valeur ajout\u00e9e"},"content":{"rendered":"<p><img loading=\"lazy\" class=\"size-full wp-image-1379 alignleft\" src=\"https:\/\/www.privaciz.com\/wp-content\/uploads\/2019\/06\/Web-Livre-Blanc-Privacy-by-design.png\" alt=\"\" width=\"560\" height=\"315\" srcset=\"https:\/\/www.privaciz.com\/wp-content\/uploads\/2019\/06\/Web-Livre-Blanc-Privacy-by-design.png 560w, https:\/\/www.privaciz.com\/wp-content\/uploads\/2019\/06\/Web-Livre-Blanc-Privacy-by-design-300x169.png 300w, https:\/\/www.privaciz.com\/wp-content\/uploads\/2019\/06\/Web-Livre-Blanc-Privacy-by-design-230x129.png 230w, https:\/\/www.privaciz.com\/wp-content\/uploads\/2019\/06\/Web-Livre-Blanc-Privacy-by-design-350x197.png 350w, https:\/\/www.privaciz.com\/wp-content\/uploads\/2019\/06\/Web-Livre-Blanc-Privacy-by-design-480x270.png 480w\" sizes=\"(max-width: 560px) 100vw, 560px\" \/><\/p>\n<p>Le RGPD introduit le concept de &#8220;Privacy by Design&#8221;. Comment le mettre en pratique et pour quels b\u00e9n\u00e9fices ?<\/p>\n<p>L&#8217;Architecture d&#8217;Entreprise, est une discipline qui a pour but de mod\u00e9liser et d&#8217;optimiser l&#8217;entreprise dans toutes ses dimensions (M\u00e9tier, SI, Organisation, &#8230;).<\/p>\n<p>Ce Livre Blanc d\u00e9crit comment mettre en place l&#8217;approche &#8220;Privacy by design&#8221;, et comment en tirer parti en combinant les techniques d&#8217;Architecture d&#8217;Entreprise, et celles li\u00e9es \u00e0 la mise en place du RGPD.<\/p>\n<p>Pour t\u00e9l\u00e9charger le Livre Blanc veuillez renseigner les informations ci-dessous et cliquer sur \u00ab T\u00e9l\u00e9charger \u00bb<\/p>\n<div role=\"form\" class=\"wpcf7\" id=\"wpcf7-f1375-o1\" lang=\"fr-FR\" dir=\"ltr\">\n<div class=\"screen-reader-response\"><p role=\"status\" aria-live=\"polite\" aria-atomic=\"true\"><\/p> <ul><\/ul><\/div>\n<form action=\"\/en\/wp-json\/wp\/v2\/posts\/1376#wpcf7-f1375-o1\" method=\"post\" class=\"wpcf7-form init\" novalidate=\"novalidate\" data-status=\"init\">\n<div style=\"display: none;\">\n<input type=\"hidden\" name=\"_wpcf7\" value=\"1375\" \/>\n<input type=\"hidden\" name=\"_wpcf7_version\" value=\"5.4\" \/>\n<input type=\"hidden\" name=\"_wpcf7_locale\" value=\"fr_FR\" \/>\n<input type=\"hidden\" name=\"_wpcf7_unit_tag\" value=\"wpcf7-f1375-o1\" \/>\n<input type=\"hidden\" name=\"_wpcf7_container_post\" value=\"0\" \/>\n<input type=\"hidden\" name=\"_wpcf7_posted_data_hash\" value=\"\" \/>\n<input type=\"hidden\" name=\"_wpcf7_recaptcha_response\" value=\"\" \/>\n<\/div>\n<p>Votre nom : *<br \/>\n     <span class=\"wpcf7-form-control-wrap your-name\"><input type=\"text\" name=\"your-name\" value=\"\" size=\"40\" class=\"wpcf7-form-control wpcf7-text wpcf7-validates-as-required\" aria-required=\"true\" aria-invalid=\"false\" \/><\/span> <\/p>\n<p>Votre pr\u00e9nom : *<br \/>\n      <span class=\"wpcf7-form-control-wrap first-name\"><input type=\"text\" name=\"first-name\" value=\"\" size=\"40\" class=\"wpcf7-form-control wpcf7-text wpcf7-validates-as-required\" aria-required=\"true\" aria-invalid=\"false\" \/><\/span> <\/p>\n<p>Votre email : *<br \/>\n     <span class=\"wpcf7-form-control-wrap your-email\"><input type=\"email\" name=\"your-email\" value=\"\" size=\"40\" class=\"wpcf7-form-control wpcf7-text wpcf7-email wpcf7-validates-as-required wpcf7-validates-as-email\" aria-required=\"true\" aria-invalid=\"false\" \/><\/span> <\/p>\n<p>Votre organisation : *<br \/>\n     <span class=\"wpcf7-form-control-wrap your-org\"><input type=\"text\" name=\"your-org\" value=\"\" size=\"40\" class=\"wpcf7-form-control wpcf7-text wpcf7-validates-as-required\" aria-required=\"true\" aria-invalid=\"false\" \/><\/span> <\/p>\n<p>Votre t\u00e9l\u00e9phone : *<br \/>\n     <span class=\"wpcf7-form-control-wrap your-phone\"><input type=\"text\" name=\"your-phone\" value=\"\" size=\"40\" class=\"wpcf7-form-control wpcf7-text wpcf7-validates-as-required\" aria-required=\"true\" aria-invalid=\"false\" \/><\/span> <\/p>\n<p>Vous \u00eates : *<br \/>\n  <span class=\"wpcf7-form-control-wrap your-who\"><select name=\"your-who\" class=\"wpcf7-form-control wpcf7-select wpcf7-validates-as-required\" aria-required=\"true\" aria-invalid=\"false\"><option value=\"\">---<\/option><option value=\"Une Entreprise\">Une Entreprise<\/option><option value=\"Une Administration\">Une Administration<\/option><option value=\"Une association\">Une association<\/option><option value=\"Un \u00e9tablissement scolaire\">Un \u00e9tablissement scolaire<\/option><option value=\"Autre\">Autre<\/option><\/select><\/span> <\/p>\n<p><span class=\"wpcf7-form-control-wrap acceptance-201906191\"><span class=\"wpcf7-form-control wpcf7-acceptance\"><span class=\"wpcf7-list-item\"><label><input type=\"checkbox\" name=\"acceptance-201906191\" value=\"1\" aria-invalid=\"false\" \/><span class=\"wpcf7-list-item-label\">En cochant cette case, j'accepte, en soumettant ce formulaire, que les informations saisies soient enregistr\u00e9es dans le syst\u00e8me informatis\u00e9 de DOCAPOSTE et exploit\u00e9es exclusivement afin de traiter ma demande de contact et de permettre \u00e0 DOCAPOSTE de me proposer des solutions compl\u00e9mentaires. Pour plus d\u2019informations, veuillez consulter nos <a href=\"http:\/\/www.privaciz.com\/mentions-legales\/\" target=\"_blank\" rel=\"noopener\">mentions l\u00e9gales<\/a>.<\/span><\/label><\/span><\/span><\/span><\/p>\n<p><span class=\"wpcf7-form-control-wrap acceptance-201906192\"><span class=\"wpcf7-form-control wpcf7-acceptance\"><span class=\"wpcf7-list-item\"><label><input type=\"checkbox\" name=\"acceptance-201906192\" value=\"1\" aria-invalid=\"false\" \/><span class=\"wpcf7-list-item-label\">En cochant cette case, je comprends que, conform\u00e9ment aux dispositions du r\u00e8glement europ\u00e9en pour la protection des donn\u00e9es n\u00b02016\/679 du Parlement europ\u00e9en et du Conseil du 27 avril 2016 et de la loi \u00ab Informatique et Libert\u00e9s \u00bb n\u00b0 78-17 du 6 janvier 1978 modifi\u00e9e relative \u00e0 l'informatique, aux fichiers et aux libert\u00e9s, je dispose des droits d'acc\u00e8s, de modification, de rectification, de suppression des donn\u00e9es qui me concernent. Je comprends \u00e9galement que je dispose du droit de retrait du consentement exprim\u00e9 en cochant les deux cases \u00e0 cocher pr\u00e9c\u00e9dente. Pour plus d\u2019informations, veuillez consulter nos <a href=\"http:\/\/www.privaciz.com\/mentions-legales\/\" target=\"_blank\" rel=\"noopener\">mentions l\u00e9gales<\/a>.<\/span><\/label><\/span><\/span><\/span><\/p>\n<span class=\"wpcf7-form-control-wrap recaptcha\"><span data-sitekey=\"6LfWUpUUAAAAAJ2mmvjLSw3XdlBI1-u3LZAMg_Gx\" class=\"wpcf7-form-control g-recaptcha wpcf7-recaptcha\"><\/span>\r\n<noscript>\r\n\t<div class=\"grecaptcha-noscript\">\r\n\t\t<iframe src=\"https:\/\/www.google.com\/recaptcha\/api\/fallback?k=6LfWUpUUAAAAAJ2mmvjLSw3XdlBI1-u3LZAMg_Gx\" frameborder=\"0\" scrolling=\"no\" width=\"310\" height=\"430\">\r\n\t\t<\/iframe>\r\n\t\t<textarea name=\"g-recaptcha-response\" rows=\"3\" cols=\"40\" placeholder=\"reCaptcha Response Here\">\r\n\t\t<\/textarea>\r\n\t<\/div>\r\n<\/noscript>\r\n<\/span>\n<p><span id=\"wpcf7-69ee27f51bc9c-wrapper\" class=\"wpcf7-form-control-wrap honeypot-372-wrap\" style=\"display:none !important; visibility:hidden !important;\"><label for=\"wpcf7-69ee27f51bc9c-field\" class=\"hp-message\">Please leave this field empty.<\/label><input id=\"wpcf7-69ee27f51bc9c-field\"  class=\"wpcf7-form-control wpcf7-text\" type=\"text\" name=\"honeypot-372\" value=\"\" size=\"40\" tabindex=\"-1\" autocomplete=\"new-password\" \/><\/span><\/p>\n<p><input type=\"submit\" value=\"T\u00e9l\u00e9charger\" class=\"wpcf7-form-control wpcf7-submit\" \/><\/p>\n<div id=\"doc1LinkContainer\" \/>\n<p><script type=\"text\/javascript\"> \njQuery(document).ajaxSuccess(function(e, data) {\nif(data.responseText.indexOf(\"mail_sent\") > 0){\njQuery(\"#doc1LinkContainer\").html('<a id=\"doc1Link\" href=\"https:\/\/www.privaciz.com\/wp-content\/uploads\/2019\/06\/Softeam_PrivacyByDesign_LivreBlanc.pdf\" style=\"display: none;visibility: hidden\" target=\"_blank\">Softeam_PrivacyByDesign_LivreBlanc.pdf<\/a>');document.getElementById(\"doc1Link\").click();\n}\n})\n<\/script><\/p>\n<input type='hidden' class='wpcf7-pum' value='{\"closepopup\":false,\"closedelay\":0,\"openpopup\":false,\"openpopup_id\":0}' \/><div class=\"wpcf7-response-output\" aria-hidden=\"true\"><\/div><\/form><\/div>\n","protected":false},"excerpt":{"rendered":"<p>Le RGPD introduit le concept de &#8220;Privacy by Design&#8221;. Comment le mettre en pratique et pour quels b\u00e9n\u00e9fices ? L&#8217;Architecture d&#8217;Entreprise, est une discipline qui a pour but de mod\u00e9liser et d&#8217;optimiser l&#8217;entreprise dans toutes ses dimensions (M\u00e9tier, SI, Organisation, &#8230;). Ce Livre Blanc d\u00e9crit comment mettre en place l&#8217;approche &#8220;Privacy by design&#8221;, et comment [&hellip;]<\/p>\n","protected":false},"author":1,"featured_media":1379,"comment_status":"closed","ping_status":"open","sticky":false,"template":"","format":"standard","meta":[],"categories":[2],"tags":[],"yoast_head":"<!-- This site is optimized with the Yoast SEO plugin v15.9 - https:\/\/yoast.com\/wordpress\/plugins\/seo\/ -->\n<title>Livre blanc : RGPD - Privacy by Design : Mise en pratique et valeur ajout\u00e9e - Privaciz<\/title>\n<meta name=\"robots\" content=\"index, follow, max-snippet:-1, max-image-preview:large, max-video-preview:-1\" \/>\n<link rel=\"canonical\" href=\"https:\/\/www.privaciz.com\/en\/2019\/06\/19\/livre-blanc-rgpd-privacy-by-design-mise-en-pratique-et-valeur-ajoutee\/\" \/>\n<meta property=\"og:locale\" content=\"en_US\" \/>\n<meta property=\"og:type\" content=\"article\" \/>\n<meta property=\"og:title\" content=\"Livre blanc : RGPD - Privacy by Design : Mise en pratique et valeur ajout\u00e9e - Privaciz\" \/>\n<meta property=\"og:description\" content=\"Le RGPD introduit le concept de &#8220;Privacy by Design&#8221;. Comment le mettre en pratique et pour quels b\u00e9n\u00e9fices ? L&#8217;Architecture d&#8217;Entreprise, est une discipline qui a pour but de mod\u00e9liser et d&#8217;optimiser l&#8217;entreprise dans toutes ses dimensions (M\u00e9tier, SI, Organisation, &#8230;). Ce Livre Blanc d\u00e9crit comment mettre en place l&#8217;approche &#8220;Privacy by design&#8221;, et comment [&hellip;]\" \/>\n<meta property=\"og:url\" content=\"https:\/\/www.privaciz.com\/en\/2019\/06\/19\/livre-blanc-rgpd-privacy-by-design-mise-en-pratique-et-valeur-ajoutee\/\" \/>\n<meta property=\"og:site_name\" content=\"Privaciz\" \/>\n<meta property=\"article:published_time\" content=\"2019-06-19T12:59:48+00:00\" \/>\n<meta property=\"article:modified_time\" content=\"2019-07-16T12:58:49+00:00\" \/>\n<meta property=\"og:image\" content=\"https:\/\/www.privaciz.com\/wp-content\/uploads\/2019\/06\/Web-Livre-Blanc-Privacy-by-design.png\" \/>\n\t<meta property=\"og:image:width\" content=\"560\" \/>\n\t<meta property=\"og:image:height\" content=\"315\" \/>\n<meta name=\"twitter:card\" content=\"summary_large_image\" \/>\n<meta name=\"twitter:label1\" content=\"Est. reading time\">\n\t<meta name=\"twitter:data1\" content=\"1 minute\">\n<script type=\"application\/ld+json\" class=\"yoast-schema-graph\">{\"@context\":\"https:\/\/schema.org\",\"@graph\":[{\"@type\":\"WebSite\",\"@id\":\"https:\/\/www.privaciz.com\/#website\",\"url\":\"https:\/\/www.privaciz.com\/\",\"name\":\"Privaciz\",\"description\":\"Maitrisez votre conformit\\u00e9 RGPD\",\"potentialAction\":[{\"@type\":\"SearchAction\",\"target\":\"https:\/\/www.privaciz.com\/?s={search_term_string}\",\"query-input\":\"required name=search_term_string\"}],\"inLanguage\":\"en-US\"},{\"@type\":\"ImageObject\",\"@id\":\"https:\/\/www.privaciz.com\/en\/2019\/06\/19\/livre-blanc-rgpd-privacy-by-design-mise-en-pratique-et-valeur-ajoutee\/#primaryimage\",\"inLanguage\":\"en-US\",\"url\":\"https:\/\/www.privaciz.com\/wp-content\/uploads\/2019\/06\/Web-Livre-Blanc-Privacy-by-design.png\",\"width\":560,\"height\":315},{\"@type\":\"WebPage\",\"@id\":\"https:\/\/www.privaciz.com\/en\/2019\/06\/19\/livre-blanc-rgpd-privacy-by-design-mise-en-pratique-et-valeur-ajoutee\/#webpage\",\"url\":\"https:\/\/www.privaciz.com\/en\/2019\/06\/19\/livre-blanc-rgpd-privacy-by-design-mise-en-pratique-et-valeur-ajoutee\/\",\"name\":\"Livre blanc : RGPD - Privacy by Design : Mise en pratique et valeur ajout\\u00e9e - Privaciz\",\"isPartOf\":{\"@id\":\"https:\/\/www.privaciz.com\/#website\"},\"primaryImageOfPage\":{\"@id\":\"https:\/\/www.privaciz.com\/en\/2019\/06\/19\/livre-blanc-rgpd-privacy-by-design-mise-en-pratique-et-valeur-ajoutee\/#primaryimage\"},\"datePublished\":\"2019-06-19T12:59:48+00:00\",\"dateModified\":\"2019-07-16T12:58:49+00:00\",\"author\":{\"@id\":\"https:\/\/www.privaciz.com\/#\/schema\/person\/cd0b11006a1a9e208c69a1a33fd53855\"},\"breadcrumb\":{\"@id\":\"https:\/\/www.privaciz.com\/en\/2019\/06\/19\/livre-blanc-rgpd-privacy-by-design-mise-en-pratique-et-valeur-ajoutee\/#breadcrumb\"},\"inLanguage\":\"en-US\",\"potentialAction\":[{\"@type\":\"ReadAction\",\"target\":[\"https:\/\/www.privaciz.com\/en\/2019\/06\/19\/livre-blanc-rgpd-privacy-by-design-mise-en-pratique-et-valeur-ajoutee\/\"]}]},{\"@type\":\"BreadcrumbList\",\"@id\":\"https:\/\/www.privaciz.com\/en\/2019\/06\/19\/livre-blanc-rgpd-privacy-by-design-mise-en-pratique-et-valeur-ajoutee\/#breadcrumb\",\"itemListElement\":[{\"@type\":\"ListItem\",\"position\":1,\"item\":{\"@type\":\"WebPage\",\"@id\":\"https:\/\/www.privaciz.com\/en\/\",\"url\":\"https:\/\/www.privaciz.com\/en\/\",\"name\":\"Accueil\"}},{\"@type\":\"ListItem\",\"position\":2,\"item\":{\"@type\":\"WebPage\",\"@id\":\"https:\/\/www.privaciz.com\/en\/2019\/06\/19\/livre-blanc-rgpd-privacy-by-design-mise-en-pratique-et-valeur-ajoutee\/\",\"url\":\"https:\/\/www.privaciz.com\/en\/2019\/06\/19\/livre-blanc-rgpd-privacy-by-design-mise-en-pratique-et-valeur-ajoutee\/\",\"name\":\"Livre blanc : RGPD &#8211; Privacy by Design : Mise en pratique et valeur ajout\\u00e9e\"}}]},{\"@type\":\"Person\",\"@id\":\"https:\/\/www.privaciz.com\/#\/schema\/person\/cd0b11006a1a9e208c69a1a33fd53855\",\"name\":\"adprivaciz\",\"image\":{\"@type\":\"ImageObject\",\"@id\":\"https:\/\/www.privaciz.com\/#personlogo\",\"inLanguage\":\"en-US\",\"url\":\"https:\/\/secure.gravatar.com\/avatar\/61808896d12835323a13cb789294d77c?s=96&d=mm&r=g\",\"caption\":\"adprivaciz\"}}]}<\/script>\n<!-- \/ Yoast SEO plugin. -->","_links":{"self":[{"href":"https:\/\/www.privaciz.com\/en\/wp-json\/wp\/v2\/posts\/1376"}],"collection":[{"href":"https:\/\/www.privaciz.com\/en\/wp-json\/wp\/v2\/posts"}],"about":[{"href":"https:\/\/www.privaciz.com\/en\/wp-json\/wp\/v2\/types\/post"}],"author":[{"embeddable":true,"href":"https:\/\/www.privaciz.com\/en\/wp-json\/wp\/v2\/users\/1"}],"replies":[{"embeddable":true,"href":"https:\/\/www.privaciz.com\/en\/wp-json\/wp\/v2\/comments?post=1376"}],"version-history":[{"count":9,"href":"https:\/\/www.privaciz.com\/en\/wp-json\/wp\/v2\/posts\/1376\/revisions"}],"predecessor-version":[{"id":1438,"href":"https:\/\/www.privaciz.com\/en\/wp-json\/wp\/v2\/posts\/1376\/revisions\/1438"}],"wp:featuredmedia":[{"embeddable":true,"href":"https:\/\/www.privaciz.com\/en\/wp-json\/wp\/v2\/media\/1379"}],"wp:attachment":[{"href":"https:\/\/www.privaciz.com\/en\/wp-json\/wp\/v2\/media?parent=1376"}],"wp:term":[{"taxonomy":"category","embeddable":true,"href":"https:\/\/www.privaciz.com\/en\/wp-json\/wp\/v2\/categories?post=1376"},{"taxonomy":"post_tag","embeddable":true,"href":"https:\/\/www.privaciz.com\/en\/wp-json\/wp\/v2\/tags?post=1376"}],"curies":[{"name":"wp","href":"https:\/\/api.w.org\/{rel}","templated":true}]}}