{"id":1441,"date":"2019-09-01T23:39:37","date_gmt":"2019-09-01T21:39:37","guid":{"rendered":"https:\/\/www.privaciz.com\/?p=1441"},"modified":"2019-10-23T11:06:14","modified_gmt":"2019-10-23T09:06:14","slug":"le-rgpd-ca-ne-me-concerne-pas-je-suis-sous-traitant","status":"publish","type":"post","link":"https:\/\/www.privaciz.com\/en\/2019\/09\/01\/le-rgpd-ca-ne-me-concerne-pas-je-suis-sous-traitant\/","title":{"rendered":"\u00ab Le RGPD, \u00e7a ne me concerne pas, je suis sous-traitant ! \u00bb"},"content":{"rendered":"<p><em>R\u00e9dig\u00e9 par J\u00e9r\u00f4me PAGES, DPO de <a href=\"https:\/\/www.softeamgroup.fr\" target=\"_blank\" rel=\"noopener noreferrer\">Softeam Group<\/a>.<\/em><\/p>\n<p><img loading=\"lazy\" class=\"alignnone size-full wp-image-1443\" src=\"https:\/\/www.privaciz.com\/wp-content\/uploads\/2019\/09\/Web-Blog-Sous-traitant.png\" alt=\"\" width=\"560\" height=\"315\" srcset=\"https:\/\/www.privaciz.com\/wp-content\/uploads\/2019\/09\/Web-Blog-Sous-traitant.png 560w, https:\/\/www.privaciz.com\/wp-content\/uploads\/2019\/09\/Web-Blog-Sous-traitant-300x169.png 300w, https:\/\/www.privaciz.com\/wp-content\/uploads\/2019\/09\/Web-Blog-Sous-traitant-230x129.png 230w, https:\/\/www.privaciz.com\/wp-content\/uploads\/2019\/09\/Web-Blog-Sous-traitant-350x197.png 350w, https:\/\/www.privaciz.com\/wp-content\/uploads\/2019\/09\/Web-Blog-Sous-traitant-480x270.png 480w\" sizes=\"(max-width: 560px) 100vw, 560px\" \/><\/p>\n<p>Sur fond d\u2019enthousiasme des chiffres pr\u00e9sent\u00e9s par la CNIL dans son article c\u00e9l\u00e9brant, en mai dernier, les <a href=\"https:\/\/www.cnil.fr\/fr\/1-de-rgpd-une-prise-de-conscience-inedite\" target=\"_blank\" rel=\"noopener noreferrer\">1 an de RGPD<\/a>, ce titre provocateur pourrait faire sourire. Seulement, il s\u2019agit d\u2019une phrase prononc\u00e9e avec beaucoup de s\u00e9rieux par plusieurs responsables fournisseurs de services dans le domaine du num\u00e9rique que j\u2019ai rencontr\u00e9s courant 2019\u00a0!<\/p>\n<p>Face \u00e0 un comportement plut\u00f4t r\u00e9fractaire au RGPD, faut-il s\u2019offusquer ou plut\u00f4t faire preuve de p\u00e9dagogie en rappelant simplement la teneur de la r\u00e9glementation europ\u00e9enne sur la protection des donn\u00e9es personnelles et les engagements de chacun\u00a0?<\/p>\n<h4><em>Petit rappel de quelques d\u00e9finitions<\/em><\/h4>\n<p>Faisons donc un petit rappel avec quelques d\u00e9finitions extraites de l\u2019Article 4 de la r\u00e9glementation\u00a0:<\/p>\n<ol start=\"2\">\n<li><em> \u00ab\u00a0<strong>Traitement\u00a0\u00bb<\/strong>, toute op\u00e9ration ou tout ensemble d&#8217;op\u00e9rations effectu\u00e9es ou non \u00e0 l&#8217;aide de proc\u00e9d\u00e9s automatis\u00e9s et appliqu\u00e9es \u00e0 des donn\u00e9es ou des ensembles de donn\u00e9es \u00e0 caract\u00e8re personnel, telles que la collecte, l&#8217;enregistrement, l&#8217;organisation, la structuration, la conservation, l&#8217;adaptation ou la modification, l&#8217;extraction, la consultation, l&#8217;utilisation, la communication par transmission, la diffusion ou toute autre forme de mise \u00e0 disposition, le rapprochement ou l&#8217;interconnexion, la limitation, l&#8217;effacement ou la destruction.<\/em><\/li>\n<li><em> \u00ab\u00a0<strong>Responsable du traitement\u00a0\u00bb<\/strong>, la personne physique ou morale, l&#8217;autorit\u00e9 publique, le service ou un autre organisme qui, seul ou conjointement avec d&#8217;autres, d\u00e9termine les finalit\u00e9s et les moyens du traitement ; \u2026<\/em><\/li>\n<li><em> \u00ab\u00a0<strong>Sous-traitant\u00a0\u00bb<\/strong>, la personne physique ou morale, l&#8217;autorit\u00e9 publique, le service ou un autre organisme qui traite des donn\u00e9es \u00e0 caract\u00e8re personnel pour le compte du responsable du traitement.<\/em><\/li>\n<\/ol>\n<h4><em>P\u00e9rim\u00e8tre d&#8217;application du RGPD<br \/>\n<\/em><\/h4>\n<p>Motiv\u00e9 par le consid\u00e9rant n\u00b014, l\u2019Article 1.2 (Objet et objectifs) du RGPD stipule que le r\u00e8glement europ\u00e9en s\u2019applique \u00e0 toute personne physique, sans discrimination de nationalit\u00e9 ou de lieu de r\u00e9sidence. Contrairement \u00e0 ce que l\u2019on peut entendre parfois, le RGPD ne prot\u00e8ge donc pas uniquement les citoyens europ\u00e9ens.<\/p>\n<p>C\u2019est l\u2019Article 3 qui pr\u00e9cise le champ d\u2019application territorial du RGPD qui s\u2019applique suivant deux crit\u00e8res de localisation distincts\u00a0:<\/p>\n<ul>\n<li>Article 3.1 et 3.3\u00a0: Soit le <strong>lieu d\u2019\u00e9tablissement<\/strong> du \u00ab\u00a0Responsable du traitement\u00a0\u00bb ou d\u2019un \u00ab\u00a0Sous-traitant\u00a0\u00bb est situ\u00e9 <strong>sur le territoire de l&#8217;Union europ\u00e9enne<\/strong> ou dans un lieu o\u00f9 le droit d&#8217;un \u00c9tat membre s&#8217;applique.<\/li>\n<li>Article 3.2\u00a0: Soit les <strong>personnes concern\u00e9es <\/strong>(c\u2019est-\u00e0-dire les personnes dont on traite les donn\u00e9es personnelles), ainsi que les services ou offres de biens fournis sont <strong>situ\u00e9es dans l&#8217;Union<\/strong>.<\/li>\n<\/ul>\n<p>&nbsp;<\/p>\n<p><img loading=\"lazy\" class=\"size-medium wp-image-1464 aligncenter\" src=\"https:\/\/www.privaciz.com\/wp-content\/uploads\/2019\/09\/P\u00e9rim\u00e8tre-RGPDvert-300x212.png\" alt=\"\" width=\"300\" height=\"212\" srcset=\"https:\/\/www.privaciz.com\/wp-content\/uploads\/2019\/09\/P\u00e9rim\u00e8tre-RGPDvert-300x212.png 300w, https:\/\/www.privaciz.com\/wp-content\/uploads\/2019\/09\/P\u00e9rim\u00e8tre-RGPDvert-230x163.png 230w, https:\/\/www.privaciz.com\/wp-content\/uploads\/2019\/09\/P\u00e9rim\u00e8tre-RGPDvert-350x248.png 350w, https:\/\/www.privaciz.com\/wp-content\/uploads\/2019\/09\/P\u00e9rim\u00e8tre-RGPDvert-480x340.png 480w, https:\/\/www.privaciz.com\/wp-content\/uploads\/2019\/09\/P\u00e9rim\u00e8tre-RGPDvert.png 547w\" sizes=\"(max-width: 300px) 100vw, 300px\" \/><\/p>\n<p>Ainsi, si nous sommes un fournisseur de services, h\u00e9bergeur par exemple ou bien ESN (Entreprise de Services du Num\u00e9rique), bas\u00e9 sur le territoire de l\u2019Union, en qualit\u00e9 de \u00ab Sous-traitant \u00bb et pour tout traitement r\u00e9alis\u00e9 pour le compte de nos clients, le RGPD nous concerne bel et bien.<\/p>\n<h4>\u00c9chapper au RGPD ?<\/h4>\n<p>Dans ce contexte de sous-traitance, les seules conditions qui pourraient nous affranchir de respecter le RGPD seraient\u00a0:<\/p>\n<ul>\n<li>Soit que l\u2019ensemble des traitements que nous effectuons <span style=\"text-decoration: underline;\">ne concerne pas de donn\u00e9es \u00e0 caract\u00e8re personnel<\/span>.<\/li>\n<li>Soit que l\u2019ensemble des traitements que nous effectuons concerne une offre de biens ou de services fournis <span style=\"text-decoration: underline;\">exclusivement hors Union<\/span> et que les personnes dont on traite les donn\u00e9es personnelles se trouvent <span style=\"text-decoration: underline;\">exclusivement en dehors de l&#8217;Union<\/span>.<\/li>\n<\/ul>\n<p>De plus, quand bien m\u00eame une organisation arrivait \u00e0 maintenir, en tant que \u00ab\u00a0Sous-traitant\u00a0\u00bb, son activit\u00e9 hors du champ d\u2019application du RGPD, la r\u00e9glementation sur la protection des donn\u00e9es s\u2019applique de fait \u00e0 l\u2019ensemble des traitements pour lesquels elle est \u00ab\u00a0Responsable du traitement\u00a0\u00bb comme la gestion du personnel ou les activit\u00e9s commerciales.<\/p>\n<p>Dans ces conditions, il est donc bien difficile de se soustraire \u00e0 cette r\u00e9glementation.<\/p>\n<h4>Les engagements du sous-traitant<\/h4>\n<p>En ce qui concerne notre responsabilit\u00e9 en tant que \u00ab\u00a0Sous-traitant\u00a0\u00bb, les Article 28 et 33 en particulier, pr\u00e9cisent les engagements \u00e0 respecter. Il s\u2019agit notamment\u00a0:<\/p>\n<ul>\n<li>De nommer un <strong>D\u00e9l\u00e9gu\u00e9 \u00e0 la Protection des Donn\u00e9es<\/strong>.<\/li>\n<li>D\u2019adopter des garanties suffisantes quant \u00e0 la mise en \u0153uvre de <strong>mesures techniques et organisationnelles appropri\u00e9es<\/strong> de mani\u00e8re que le traitement r\u00e9ponde aux exigences du r\u00e8glement et garantisse la protection des droits de la personne concern\u00e9e.<\/li>\n<\/ul>\n<p>Cela signifie en particulier que\u00a0:<\/p>\n<ul>\n<li style=\"list-style-type: none;\">\n<ul>\n<li><span style=\"text-decoration: underline;\">Privacy by design :<\/span> D\u00e8s leur <strong>conception<\/strong>, nos outils, produits, applications et services, objets de nos prestations, int\u00e8grent les principes relatifs \u00e0 la protection des donn\u00e9es appliquant ainsi les principes du <a href=\"https:\/\/www.privaciz.com\/2019\/06\/19\/livre-blanc-rgpd-privacy-by-design-mise-en-pratique-et-valeur-ajoutee\"><strong>Privacy By Design<\/strong><\/a>.<\/li>\n<li><span style=\"text-decoration: underline;\">Privacy by default :<\/span> Nos outils, produits, applications et services livr\u00e9s disposent, <strong>par d\u00e9faut<\/strong>, d\u2019un niveau de param\u00e9trage garantissant la plus grande protection des donn\u00e9es appliquant ainsi les principes du <strong>Privacy By Default<\/strong>.<\/li>\n<li><span style=\"text-decoration: underline;\">Minimisation :<\/span> Nos outils, produits, applications et services garantissent que <strong>seules sont trait\u00e9es les donn\u00e9es n\u00e9cessaires<\/strong> \u00e0 la finalit\u00e9 du traitement au regard de la quantit\u00e9 de donn\u00e9es collect\u00e9es, de l&#8217;\u00e9tendue de leur traitement, de la dur\u00e9e de conservation et du nombre de personnes qui y a acc\u00e8s.<\/li>\n<\/ul>\n<\/li>\n<li><span style=\"text-decoration: underline;\">Gestion des risques :<\/span> De prendre toute mesure pour garantir un <strong>niveau de s\u00e9curit\u00e9 adapt\u00e9 aux risques<\/strong> et pour permettre de d\u00e9tecter les \u00e9ventuelles failles de s\u00e9curit\u00e9.<\/li>\n<li><span style=\"text-decoration: underline;\">Sous-traitance ult\u00e9rieure :<\/span> De demander l&#8217;<strong>autorisation \u00e9crite pr\u00e9alable<\/strong> du \u00ab\u00a0Responsable du Traitement\u00a0\u00bb si, en tant que \u00ab\u00a0Sous-traitant\u00a0\u00bb, nous faisons nous-m\u00eame <strong>appel \u00e0 un \u00ab\u00a0Sous-traitant\u00a0\u00bb<\/strong>. Dans ce cas, nous devrons conclure avec notre \u00ab\u00a0Sous-traitant\u00a0\u00bb un <strong>contrat<\/strong> qui pr\u00e9voira en particulier l&#8217;obligation de pr\u00e9senter des garanties suffisantes quant \u00e0 la mise en \u0153uvre de mesures techniques et organisationnelles appropri\u00e9es de mani\u00e8re que le traitement r\u00e9ponde aux exigences du r\u00e8glement europ\u00e9en.<\/li>\n<li><span style=\"text-decoration: underline;\">Registre des traitements :<\/span> De tenir un <strong>registre recensant l&#8217;ensemble des cat\u00e9gories d&#8217;activit\u00e9s de traitement effectu\u00e9es pour nos clients<\/strong> et en particulier les activit\u00e9s de traitement du \u00ab\u00a0Responsable du Traitement\u00a0\u00bb.<\/li>\n<li><span style=\"text-decoration: underline;\">Notification des violations :<\/span> De <strong>notifier<\/strong> au \u00ab\u00a0Responsable du Traitement\u00a0\u00bb <strong>toute violation de donn\u00e9es<\/strong> dans les meilleurs d\u00e9lais apr\u00e8s en avoir pris connaissance et assister le \u00ab\u00a0Responsable du Traitement\u00a0\u00bb pour lui permettre de respecter ses obligations r\u00e9glementaires.<\/li>\n<li><span style=\"text-decoration: underline;\">Garantie et preuve :<\/span> De mettre \u00e0 la disposition du \u00ab Responsable du Traitement \u00bb toutes les informations n\u00e9cessaires pour <strong>d\u00e9montrer le respect de nos obligations<\/strong> et pour <strong>permettre la r\u00e9alisation d&#8217;audits<\/strong>.<\/li>\n<li><span style=\"text-decoration: underline;\">Suppression des donn\u00e9es :<\/span> Au terme de nos prestations, et selon les instructions qui nous aurons \u00e9t\u00e9 donn\u00e9es par le \u00ab Responsable du Traitement \u00bb, de <strong>supprimer toutes les donn\u00e9es<\/strong> ou de les renvoyer, et de d\u00e9truire les copies existantes, sauf obligation l\u00e9gale de les conserver.<\/li>\n<li><span style=\"text-decoration: underline;\">Devoirs fondamentaux :<\/span> D\u2019exercer notre devoir d\u2019<strong>assistance<\/strong>, d\u2019<strong>alerte<\/strong> et de <strong>conseil<\/strong>\u00a0:\n<ul>\n<li>En <strong>informant<\/strong> le \u00ab\u00a0Responsable du Traitement\u00a0\u00bb imm\u00e9diatement si, selon notre analyse, une instruction donn\u00e9e par le \u00ab\u00a0Responsable du Traitement\u00a0\u00bb constitue une <strong>violation des r\u00e8gles<\/strong> en mati\u00e8re de protection des donn\u00e9es.<\/li>\n<li>En <strong>aidant<\/strong> le \u00ab\u00a0Responsable du Traitement\u00a0\u00bb \u00e0 donner suite, dans la mesure du possible, \u00e0 toute <strong>demande d&#8217;une personne exer\u00e7ant ses droits<\/strong> (cf. chapitre III du RGPD).<\/li>\n<li>En <strong>aidant<\/strong> le \u00ab\u00a0Responsable du Traitement\u00a0\u00bb \u00e0 garantir, compte tenu des informations \u00e0 notre disposition, le <strong>respect des obligations<\/strong> en mati\u00e8re de s\u00e9curit\u00e9 du traitement, de <strong>notification de violation<\/strong> de donn\u00e9es et d&#8217;<strong>analyse d&#8217;impact relative \u00e0 la protection des donn\u00e9es<\/strong>.<\/li>\n<\/ul>\n<\/li>\n<\/ul>\n<h4>Quelques aides<\/h4>\n<p>Au regard de l\u2019ensemble de ces engagements, on peut comprendre que le RGPD puisse bouleverser les habitudes d\u2019organisation sous-traitante. En effet, en plus des dispositions qui leur sont applicables en tant que responsable de leurs propres traitements, s\u2019ajoutent les nouvelles dispositions li\u00e9es \u00e0 la d\u00e9marche de responsabilisation du \u00ab\u00a0Sous-traitant\u00a0\u00bb vis-\u00e0-vis de ses clients et de la loi.<\/p>\n<p>Afin d\u2019accompagner les organisations qui sont \u00e0 la fois \u00ab\u00a0Responsable du traitement\u00a0\u00bb et \u00ab\u00a0Sous-traitant\u00a0\u00bb, la CNIL a publi\u00e9 d\u00e8s 2017 un <a href=\"https:\/\/www.cnil.fr\/sites\/default\/files\/atoms\/files\/rgpd-guide_sous-traitant-cnil.pdf\" target=\"_blank\" rel=\"noopener noreferrer\">guide<\/a> expliquant la d\u00e9marche de mise en place des nouvelles obligations.<\/p>\n<h4>Des solutions pour avancer<\/h4>\n<p>Enfin, des solutions d\u00e9di\u00e9es comme <a href=\"https:\/\/www.privaciz.com\/privaciz-dpo\"><strong>Privaciz<\/strong> <\/a>permettent d\u2019assister les organisations sous-traitantes dans toutes leurs d\u00e9marches de mise en conformit\u00e9 au RGPD vis-\u00e0-vis de leurs clients.<a href=\"#_ftnref2\" name=\"_ftn2\"><\/a><\/p>\n<p>&nbsp;<\/p>\n","protected":false},"excerpt":{"rendered":"<p>R\u00e9dig\u00e9 par J\u00e9r\u00f4me PAGES, DPO de Softeam Group. Sur fond d\u2019enthousiasme des chiffres pr\u00e9sent\u00e9s par la CNIL dans son article c\u00e9l\u00e9brant, en mai dernier, les 1 an de RGPD, ce titre provocateur pourrait faire sourire. Seulement, il s\u2019agit d\u2019une phrase prononc\u00e9e avec beaucoup de s\u00e9rieux par plusieurs responsables fournisseurs de services dans le domaine du [&hellip;]<\/p>\n","protected":false},"author":2,"featured_media":1443,"comment_status":"closed","ping_status":"open","sticky":false,"template":"","format":"standard","meta":[],"categories":[2],"tags":[],"yoast_head":"<!-- This site is optimized with the Yoast SEO plugin v15.9 - https:\/\/yoast.com\/wordpress\/plugins\/seo\/ -->\n<title>\u00ab Le RGPD, \u00e7a ne me concerne pas, je suis sous-traitant ! \u00bb - Privaciz<\/title>\n<meta name=\"robots\" content=\"index, follow, max-snippet:-1, max-image-preview:large, max-video-preview:-1\" \/>\n<link rel=\"canonical\" href=\"https:\/\/www.privaciz.com\/en\/2019\/09\/01\/le-rgpd-ca-ne-me-concerne-pas-je-suis-sous-traitant\/\" \/>\n<meta property=\"og:locale\" content=\"en_US\" \/>\n<meta property=\"og:type\" content=\"article\" \/>\n<meta property=\"og:title\" content=\"\u00ab Le RGPD, \u00e7a ne me concerne pas, je suis sous-traitant ! \u00bb - Privaciz\" \/>\n<meta property=\"og:description\" content=\"R\u00e9dig\u00e9 par J\u00e9r\u00f4me PAGES, DPO de Softeam Group. Sur fond d\u2019enthousiasme des chiffres pr\u00e9sent\u00e9s par la CNIL dans son article c\u00e9l\u00e9brant, en mai dernier, les 1 an de RGPD, ce titre provocateur pourrait faire sourire. Seulement, il s\u2019agit d\u2019une phrase prononc\u00e9e avec beaucoup de s\u00e9rieux par plusieurs responsables fournisseurs de services dans le domaine du [&hellip;]\" \/>\n<meta property=\"og:url\" content=\"https:\/\/www.privaciz.com\/en\/2019\/09\/01\/le-rgpd-ca-ne-me-concerne-pas-je-suis-sous-traitant\/\" \/>\n<meta property=\"og:site_name\" content=\"Privaciz\" \/>\n<meta property=\"article:published_time\" content=\"2019-09-01T21:39:37+00:00\" \/>\n<meta property=\"article:modified_time\" content=\"2019-10-23T09:06:14+00:00\" \/>\n<meta property=\"og:image\" content=\"https:\/\/www.privaciz.com\/wp-content\/uploads\/2019\/09\/Web-Blog-Sous-traitant.png\" \/>\n\t<meta property=\"og:image:width\" content=\"560\" \/>\n\t<meta property=\"og:image:height\" content=\"315\" \/>\n<meta name=\"twitter:card\" content=\"summary_large_image\" \/>\n<meta name=\"twitter:label1\" content=\"Est. reading time\">\n\t<meta name=\"twitter:data1\" content=\"7 minutes\">\n<script type=\"application\/ld+json\" class=\"yoast-schema-graph\">{\"@context\":\"https:\/\/schema.org\",\"@graph\":[{\"@type\":\"WebSite\",\"@id\":\"https:\/\/www.privaciz.com\/#website\",\"url\":\"https:\/\/www.privaciz.com\/\",\"name\":\"Privaciz\",\"description\":\"Maitrisez votre conformit\\u00e9 RGPD\",\"potentialAction\":[{\"@type\":\"SearchAction\",\"target\":\"https:\/\/www.privaciz.com\/?s={search_term_string}\",\"query-input\":\"required name=search_term_string\"}],\"inLanguage\":\"en-US\"},{\"@type\":\"ImageObject\",\"@id\":\"https:\/\/www.privaciz.com\/en\/2019\/09\/01\/le-rgpd-ca-ne-me-concerne-pas-je-suis-sous-traitant\/#primaryimage\",\"inLanguage\":\"en-US\",\"url\":\"https:\/\/www.privaciz.com\/wp-content\/uploads\/2019\/09\/Web-Blog-Sous-traitant.png\",\"width\":560,\"height\":315},{\"@type\":\"WebPage\",\"@id\":\"https:\/\/www.privaciz.com\/en\/2019\/09\/01\/le-rgpd-ca-ne-me-concerne-pas-je-suis-sous-traitant\/#webpage\",\"url\":\"https:\/\/www.privaciz.com\/en\/2019\/09\/01\/le-rgpd-ca-ne-me-concerne-pas-je-suis-sous-traitant\/\",\"name\":\"\\u00ab Le RGPD, \\u00e7a ne me concerne pas, je suis sous-traitant ! \\u00bb - Privaciz\",\"isPartOf\":{\"@id\":\"https:\/\/www.privaciz.com\/#website\"},\"primaryImageOfPage\":{\"@id\":\"https:\/\/www.privaciz.com\/en\/2019\/09\/01\/le-rgpd-ca-ne-me-concerne-pas-je-suis-sous-traitant\/#primaryimage\"},\"datePublished\":\"2019-09-01T21:39:37+00:00\",\"dateModified\":\"2019-10-23T09:06:14+00:00\",\"author\":{\"@id\":\"https:\/\/www.privaciz.com\/#\/schema\/person\/a9ba8850f706560cd9d28c5b2f60c01a\"},\"breadcrumb\":{\"@id\":\"https:\/\/www.privaciz.com\/en\/2019\/09\/01\/le-rgpd-ca-ne-me-concerne-pas-je-suis-sous-traitant\/#breadcrumb\"},\"inLanguage\":\"en-US\",\"potentialAction\":[{\"@type\":\"ReadAction\",\"target\":[\"https:\/\/www.privaciz.com\/en\/2019\/09\/01\/le-rgpd-ca-ne-me-concerne-pas-je-suis-sous-traitant\/\"]}]},{\"@type\":\"BreadcrumbList\",\"@id\":\"https:\/\/www.privaciz.com\/en\/2019\/09\/01\/le-rgpd-ca-ne-me-concerne-pas-je-suis-sous-traitant\/#breadcrumb\",\"itemListElement\":[{\"@type\":\"ListItem\",\"position\":1,\"item\":{\"@type\":\"WebPage\",\"@id\":\"https:\/\/www.privaciz.com\/en\/\",\"url\":\"https:\/\/www.privaciz.com\/en\/\",\"name\":\"Accueil\"}},{\"@type\":\"ListItem\",\"position\":2,\"item\":{\"@type\":\"WebPage\",\"@id\":\"https:\/\/www.privaciz.com\/en\/2019\/09\/01\/le-rgpd-ca-ne-me-concerne-pas-je-suis-sous-traitant\/\",\"url\":\"https:\/\/www.privaciz.com\/en\/2019\/09\/01\/le-rgpd-ca-ne-me-concerne-pas-je-suis-sous-traitant\/\",\"name\":\"\\u00ab Le RGPD, \\u00e7a ne me concerne pas, je suis sous-traitant ! \\u00bb\"}}]},{\"@type\":\"Person\",\"@id\":\"https:\/\/www.privaciz.com\/#\/schema\/person\/a9ba8850f706560cd9d28c5b2f60c01a\",\"name\":\"Olivier NICOLAS\",\"image\":{\"@type\":\"ImageObject\",\"@id\":\"https:\/\/www.privaciz.com\/#personlogo\",\"inLanguage\":\"en-US\",\"url\":\"https:\/\/secure.gravatar.com\/avatar\/f5640e81cfa6dc683b8cfe53c7bd061b?s=96&d=mm&r=g\",\"caption\":\"Olivier NICOLAS\"}}]}<\/script>\n<!-- \/ Yoast SEO plugin. -->","_links":{"self":[{"href":"https:\/\/www.privaciz.com\/en\/wp-json\/wp\/v2\/posts\/1441"}],"collection":[{"href":"https:\/\/www.privaciz.com\/en\/wp-json\/wp\/v2\/posts"}],"about":[{"href":"https:\/\/www.privaciz.com\/en\/wp-json\/wp\/v2\/types\/post"}],"author":[{"embeddable":true,"href":"https:\/\/www.privaciz.com\/en\/wp-json\/wp\/v2\/users\/2"}],"replies":[{"embeddable":true,"href":"https:\/\/www.privaciz.com\/en\/wp-json\/wp\/v2\/comments?post=1441"}],"version-history":[{"count":8,"href":"https:\/\/www.privaciz.com\/en\/wp-json\/wp\/v2\/posts\/1441\/revisions"}],"predecessor-version":[{"id":1458,"href":"https:\/\/www.privaciz.com\/en\/wp-json\/wp\/v2\/posts\/1441\/revisions\/1458"}],"wp:featuredmedia":[{"embeddable":true,"href":"https:\/\/www.privaciz.com\/en\/wp-json\/wp\/v2\/media\/1443"}],"wp:attachment":[{"href":"https:\/\/www.privaciz.com\/en\/wp-json\/wp\/v2\/media?parent=1441"}],"wp:term":[{"taxonomy":"category","embeddable":true,"href":"https:\/\/www.privaciz.com\/en\/wp-json\/wp\/v2\/categories?post=1441"},{"taxonomy":"post_tag","embeddable":true,"href":"https:\/\/www.privaciz.com\/en\/wp-json\/wp\/v2\/tags?post=1441"}],"curies":[{"name":"wp","href":"https:\/\/api.w.org\/{rel}","templated":true}]}}